{"id":1581,"date":"2025-07-24T12:38:34","date_gmt":"2025-07-24T11:38:34","guid":{"rendered":"https:\/\/bjc-buchen.com\/?p=1581"},"modified":"2025-07-24T12:39:25","modified_gmt":"2025-07-24T11:39:25","slug":"generalversammlung-2025","status":"publish","type":"post","link":"https:\/\/bjc-buchen.com\/?p=1581","title":{"rendered":"Generalversammlung 2025"},"content":{"rendered":"\n<!--more-->\n\n\n\n<p>Geschwisterduo f\u00fchrt den BJC Buchen. Lukas D\u00f6rr und Kristina Joch als neues Vorstandsteam des Buchener Tischtennis Vereins gew\u00e4hlt<\/p>\n\n\n\n<p>Am vergangenen Samstag f\u00fchrte der BJC Buchen (Tischtennisverein) seine turnusm\u00e4\u00dfige Generalversammlung im Tennisheim in Buchen durch. Zahlreiche Mitglieder waren zur Versammlung erschienen, bei der auch Neuwahlen auf der Tagesordnung standen. Zun\u00e4chst begr\u00fc\u00dfte der 1. Vorsitzende Lukas D\u00f6rr alle Anwesenden und dankte dem Buchener Tennisclub f\u00fcr die Bereitstellung des Tennisheims, wo im Anschluss an die Generalversammlung auch das j\u00e4hrliche Sommerfest des Tischtennisvereins stattfand. Au\u00dferdem \u00fcberbrachte er die Gru\u00dfworte der Stadt, da kein offizieller Vertreter der Versammlung beiwohnen konnte. F\u00fcr ihre lange Spielert\u00e4tigkeit ehrte der scheidende Bezirksvorsitzende Peter Scheurich dann Eugen Albrecht, Patrick Schlei\u00dfinger, Lukas Joch und Andreas D\u00f6rr (alle 25 Jahre) sowie Tobias H\u00f6pfl (45 Jahre) und \u00fcberreichte eine Urkunde. Sportlich, so fasste der Vorsitzende Lukas D\u00f6rr in seinem Bericht zusammen, lief es f\u00fcr den BJC die letzten zwei Jahre nicht nur rund. Konnte man sich beim Pokal mit der ersten Mannschaft sogar bis zum Deutschlandpokal in Hamburg qualifizieren, verfehlte das Team in dieser Saison den Klassenerhalt und stieg in die Verbandsklasse Nord ab. Lobenswert sei jedoch, dass es mittlerweile wieder ein Jugendtraining gebe, wof\u00fcr D\u00f6rr sich auch namentlich bei seinem Co-Trainer Christian M\u00fcller bedankte, ohne dessen Hilfe ein Training mit lauter Tischtennis-Anf\u00e4ngern nicht machbar w\u00e4re. Generell sei es wichtig, dass der Verein sich auch nach au\u00dfen hin weiter \u00f6ffne und zeige, so D\u00f6rr, um wieder mehr Interesse am Tischtennissport zu wecken. Dass man auch in Buchen mit den gro\u00dfen Vereinen mithalten k\u00f6nne, zeigten auch die gro\u00dfen Veranstaltungen, die der BJC in den letzten beiden Jahren durchf\u00fchrte. Neben dem j\u00e4hrlichen Dreik\u00f6nigsturnier wurden die Baden-W\u00fcrttembergische Rangliste U15\/U19 sowie auch erstmals das Landesfinale von Jugend trainiert f\u00fcr Olympia in Buchen ausgetragen. Hier dankte Lukas D\u00f6rr explizit dem FC Hettingen und der SpVgg Hainstadt f\u00fcr die Unterst\u00fctzung mit Spielfeldumrandungen und Z\u00e4hlger\u00e4ten sowie Robin Barna f\u00fcr seine Unterst\u00fctzung.Ausgestattet mit neuen Trikots durch das Restaurant Santorini und neuen Helfershirts, k\u00f6nne der Verein sich nun den Herausforderungen des Spielbetriebs \u2013 hier nannte D\u00f6rr die schrittweise Umstellung auf 4-er Mannschaften \u2013 stellen und in die Planung f\u00fcr das im n\u00e4chsten Jahr anstehende 80-j\u00e4hrige Vereinsjubil\u00e4um gehen, wie der Vorsitzende seinen Bericht beendete.Nach den Berichten der Mannschaftsf\u00fchrer Felix Joch (1. Mannschaft), Patrick Schlei\u00dfinger (2. Mannschaft) und Christian Villhauer (3. Mannschaft) und dem Dank und der Bitte von Jonas Joch im Namen des Veranstaltungsausschusses, sich weiterhin bei den Events des Vereins zu beteiligen, legte Lukas Joch als Kassenwart die aktuellen Zahlen des BJC vor. Ihm wurde eine vorbildliche Kassenf\u00fchrung durch die Kassenpr\u00fcfer bescheinigt, so dass der Vorstand im Anschluss an die Berichte einstimmig entlastet werden konnte. Bei den nun durchgef\u00fchrten Neuwahlen wurde Lukas D\u00f6rr zu einer weiteren Amtszeit als 1. Vorsitzender des Vereins gew\u00e4hlt. Da der zweite Vorsitzende Lorenz M\u00fcller sich nicht mehr zur Wahl stellte, konnte dieser Posten mit Kristina Joch, die bereits als Schriftf\u00fchrerin in der Vorstandschaft aktiv war, besetzt werden. Damit steht nun ein Geschwisterduo an der Spitze des Buchener Tischtennisvereins. Ebenso einstimmig gew\u00e4hlt wurden weiterhin Lukas Joch (Kassenwart), Christian Villhauer und Patrick Schlei\u00dfinger (Kassenpr\u00fcfer), Felix Joch (Sportwart), Kristina Joch (Schriftf\u00fchrerin) und das Eventteam Jonas Joch, Stefanie Schlei\u00dfinger und Denise Ruzek. Der neue und alte Vorsitzende dankte allen Mitgliedern, die bereit seien, eine Aufgabe im Verein zu \u00fcbernehmen und schloss die Versammlung mit dem Wunsch, in den n\u00e4chsten zwei Jahren weiterhin eine so gute Gemeinschaft zu bleiben, wie in der Vergangenheit. Das im Anschluss an die Generalversammlung folgende Sommerfest mit \u00fcber 50 Teilnehmern sei dabei ein wichtiger Bestandteil.<\/p>\n\n\n\n<p><\/p>\n","protected":false},"excerpt":{"rendered":"","protected":false},"author":1,"featured_media":1582,"comment_status":"open","ping_status":"open","sticky":false,"template":"","format":"standard","meta":{"content-type":"","footnotes":""},"categories":[2],"tags":[],"class_list":["post-1581","post","type-post","status-publish","format-standard","has-post-thumbnail","hentry","category-allgemein"],"_links":{"self":[{"href":"https:\/\/bjc-buchen.com\/index.php?rest_route=\/wp\/v2\/posts\/1581","targetHints":{"allow":["GET"]}}],"collection":[{"href":"https:\/\/bjc-buchen.com\/index.php?rest_route=\/wp\/v2\/posts"}],"about":[{"href":"https:\/\/bjc-buchen.com\/index.php?rest_route=\/wp\/v2\/types\/post"}],"author":[{"embeddable":true,"href":"https:\/\/bjc-buchen.com\/index.php?rest_route=\/wp\/v2\/users\/1"}],"replies":[{"embeddable":true,"href":"https:\/\/bjc-buchen.com\/index.php?rest_route=%2Fwp%2Fv2%2Fcomments&post=1581"}],"version-history":[{"count":3,"href":"https:\/\/bjc-buchen.com\/index.php?rest_route=\/wp\/v2\/posts\/1581\/revisions"}],"predecessor-version":[{"id":1585,"href":"https:\/\/bjc-buchen.com\/index.php?rest_route=\/wp\/v2\/posts\/1581\/revisions\/1585"}],"wp:featuredmedia":[{"embeddable":true,"href":"https:\/\/bjc-buchen.com\/index.php?rest_route=\/wp\/v2\/media\/1582"}],"wp:attachment":[{"href":"https:\/\/bjc-buchen.com\/index.php?rest_route=%2Fwp%2Fv2%2Fmedia&parent=1581"}],"wp:term":[{"taxonomy":"category","embeddable":true,"href":"https:\/\/bjc-buchen.com\/index.php?rest_route=%2Fwp%2Fv2%2Fcategories&post=1581"},{"taxonomy":"post_tag","embeddable":true,"href":"https:\/\/bjc-buchen.com\/index.php?rest_route=%2Fwp%2Fv2%2Ftags&post=1581"}],"curies":[{"name":"wp","href":"https:\/\/api.w.org\/{rel}","templated":true}]}}